{"id":537,"__str__":"Projeto de Lei Ordin\u00e1ria n\u00ba 93 de 2026","link_detail_backend":"/materia/537","metadata":{"signs":{"texto_original":{"admin":[],"autores":[["Ivonaldo Fernandes da Silva",["2026-03-30T19:06:44-03:00","ICP-Brasil - Certificado PF A1"]]]}}},"numero":93,"ano":2026,"numero_protocolo":551,"data_apresentacao":"2026-03-30","tipo_apresentacao":"E","data_publicacao":null,"numero_origem_externa":"","ano_origem_externa":null,"data_origem_externa":null,"apelido":"","dias_prazo":null,"data_fim_prazo":null,"em_tramitacao":true,"polemica":false,"objeto":"","complementar":false,"ementa":"Institui o \u201cDia Municipal de Combate \u00e0 Transfobia\u201d no \u00e2mbito do Munic\u00edpio de Guarabira e d\u00e1 outras provid\u00eancias.","indexacao":"","observacao":"","resultado":"","texto_original":"http://sapl.guarabira.pb.leg.br/media/sapl/public/materialegislativa/2026/537/projeto_de_lei_n._93-2026_-_institui_o_dia_municipal_de_combate_a_transfobia_no_ambito_do_municipio_de_guarabira_e_da_outras_providencias..pdf","data_ultima_atualizacao":"2026-04-17T09:52:03.570469-03:00","ip":"45.239.254.68","ultima_edicao":"2026-03-30T19:09:02.095716-03:00","tipo":6,"regime_tramitacao":2,"tipo_origem_externa":null,"local_origem_externa":null,"user":16,"anexadas":[],"autores":[11]}