{"id":538,"__str__":"Projeto de Lei Ordin\u00e1ria n\u00ba 94 de 2026","link_detail_backend":"/materia/538","metadata":{"signs":{"texto_original":{"admin":[],"autores":[["Ivonaldo Fernandes da Silva",["2026-03-30T19:20:14-03:00","ICP-Brasil - Certificado PF A1"]]]}}},"numero":94,"ano":2026,"numero_protocolo":552,"data_apresentacao":"2026-03-30","tipo_apresentacao":"E","data_publicacao":null,"numero_origem_externa":"","ano_origem_externa":null,"data_origem_externa":null,"apelido":"","dias_prazo":null,"data_fim_prazo":null,"em_tramitacao":true,"polemica":false,"objeto":"","complementar":false,"ementa":"Institui o Dia Municipal de Combate ao Discurso de \u00d3dio no \u00e2mbito do Munic\u00edpio de Guarabira e d\u00e1 outras provid\u00eancias.","indexacao":"","observacao":"","resultado":"","texto_original":"http://sapl.guarabira.pb.leg.br/media/sapl/public/materialegislativa/2026/538/projeto_de_lei_n._94-2026_-_institui_o_dia_municipal_de_combate_ao_discurso_de_odio_no_ambito_do_municipio_de_guarabira_e_da_outras_providencias..pdf","data_ultima_atualizacao":"2026-04-22T14:20:58.785710-03:00","ip":"45.239.254.68","ultima_edicao":"2026-03-30T19:21:49.659813-03:00","tipo":6,"regime_tramitacao":2,"tipo_origem_externa":null,"local_origem_externa":null,"user":16,"anexadas":[],"autores":[11]}