{"id":692,"__str__":"Requerimento n\u00ba 360 de 2026","link_detail_backend":"/materia/692","metadata":{"signs":{"texto_original":{"admin":[],"autores":[["Isaura Gomes Barbosa",["2026-04-15T16:21:44-03:00","ICP-Brasil - Certificado PF A1"]]]}}},"numero":360,"ano":2026,"numero_protocolo":713,"data_apresentacao":"2026-04-15","tipo_apresentacao":"","data_publicacao":null,"numero_origem_externa":"","ano_origem_externa":null,"data_origem_externa":null,"apelido":"","dias_prazo":null,"data_fim_prazo":null,"em_tramitacao":false,"polemica":false,"objeto":"","complementar":false,"ementa":"Requeiro, nos termos regimentais, que esta Casa Legislativa realize uma Sess\u00e3o Especial em alus\u00e3o ao Dia Mundial da Fibromialgia, celebrado em 12 de maio, com o objetivo de promover a conscientiza\u00e7\u00e3o da popula\u00e7\u00e3o sobre a doen\u00e7a, suas caracter\u00edsticas, formas de diagn\u00f3stico e tratamento, bem como dar visibilidade \u00e0s pessoas que convivem com essa condi\u00e7\u00e3o.","indexacao":"","observacao":"","resultado":"","texto_original":"http://sapl.guarabira.pb.leg.br/media/sapl/public/materialegislativa/2026/692/requerimento_360.2026_-_isaura.pdf","data_ultima_atualizacao":"2026-04-22T14:38:53.341148-03:00","ip":"177.84.221.22","ultima_edicao":"2026-04-15T16:22:19.394428-03:00","tipo":10,"regime_tramitacao":2,"tipo_origem_externa":null,"local_origem_externa":null,"user":18,"anexadas":[],"autores":[13]}